{"id":109590,"date":"2026-04-28T00:00:00","date_gmt":"2026-04-27T14:00:00","guid":{"rendered":"https:\/\/rev-trac.com\/unkategorisiert\/sap-changes-souveraen-steuern-rev-trac-sap-cloud-alm\/"},"modified":"2026-04-28T00:00:00","modified_gmt":"2026-04-27T14:00:00","slug":"sap-changes-souveraen-steuern-rev-trac-sap-cloud-alm","status":"publish","type":"post","link":"https:\/\/rev-trac.com\/de\/artikel\/sap-changes-souveraen-steuern-rev-trac-sap-cloud-alm\/","title":{"rendered":"SAP Changes souver\u00e4n steuern: Rev-Trac + SAP Cloud ALM"},"content":{"rendered":"<\/p>\n<p>Ich bin gerade von einer Woche in Philadelphia beim SAP ALM Summit North America 2026 zur\u00fcckgekehrt \u2013 und eines wurde sehr deutlich: Rev-Trac und SAP Cloud ALM konkurrieren nicht miteinander. Sie l\u00f6sen unterschiedliche Ebenen desselben Problems. Und f\u00fcr Kunden, die sich in realen SAP Landscapes bewegen, macht das den entscheidenden Unterschied.   <\/p>\n<p>SAPs Richtung ist klar: SAP Cloud ALM ist die Zukunft des Application Lifecycle Management. Es ist ein sauberes, modernes System, das von Grund auf f\u00fcr Cloud-zentrierte ERP-Umgebungen entwickelt wurde. Diese Botschaft zog sich konsequent durch Sessions, Gespr\u00e4che sowie Diskussionen mit Kunden und Interessenten.  <\/p>\n<p>Aber es gibt eine Realit\u00e4t, die es nicht immer auf die Folien schafft. Die meisten SAP Kunden starten nicht auf der gr\u00fcnen Wiese. Ihre Umgebungen sind komplex, teils hybrid und on-premises. Und das bedeutet: Der Umstieg auf Cloud ALM ist nicht trivial \u2013 insbesondere aus ChaRM heraus.    <\/p>\n<h2>Die Realit\u00e4t: Komplexit\u00e4t verschwindet nicht \u00fcber Nacht<\/h2>\n<p>Was wir auf dem Event immer wieder geh\u00f6rt haben: SAP Kunden haben zu tun mit:<\/p>\n<ul>\n<li>ECC und S\/4HANA im Parallelbetrieb<\/li>\n<li>Mehreren Systemen \u00fcber Regionen hinweg <\/li>\n<li>Hybriden Landscapes \u00fcber On-Premises und Cloud hinweg <\/li>\n<li>Globalen Template-Strategien, die strikte Kontrolle erfordern<\/li>\n<li>Regulatorischen Rahmenbedingungen, die bei Governance keine Kompromisse zulassen <\/li>\n<li>Individuellen Workflows bei gleichzeitiger Sicherstellung von Audit Trails <\/li>\n<\/ul>\n<p>Der Weg in die Cloud ist eine Transformationsreise. Daniel Clark, Product Manager bei Rev-Trac, sagte in seiner Keynote, dass Organisationen sich auf drei unterschiedlichen Transformationsreisen befinden (On-Premises zu RISE, SolMan zu CALM und\/oder Customization zu Clean Core). Und w\u00e4hrend der Transition steigt die Change-Komplexit\u00e4t deutlich an.   <\/p>\n<h2>Wo Rev-Trac ins Spiel kommt<\/h2>\n<p>Hier verschiebt sich das Gespr\u00e4ch. Nicht weg von SAP Cloud ALM, sondern tiefer hinein in das, was es braucht, um es erfolgreich zu machen. Rev-Trac versucht nicht, Cloud ALM zu ersetzen. Es l\u00e4uft parallel dazu und st\u00e4rkt genau die Bereiche, die kritisch werden \u2013 insbesondere in gro\u00dfen, komplexen Umgebungen:    <\/p>\n<ul>\n<li>Changes \u00fcber mehrere Systeme und Landscapes hinweg orchestrieren <\/li>\n<li>Globale Template-Rollouts steuern, ohne die Konsistenz zu gef\u00e4hrden<\/li>\n<li>Dual Maintenance w\u00e4hrend der Transition von ECC zu S\/4HANA unterst\u00fctzen <\/li>\n<li>Governance in regulierten Umgebungen durchsetzen (GxP, SOX usw.)<\/li>\n<li>Die notwendige Control-Layer bereitstellen, wenn das Change-Volumen skaliert <\/li>\n<\/ul>\n<p>Genau hier werden zus\u00e4tzliche Control-Layer essenziell. Einfach gesagt: SAP Cloud ALM liefert das Fundament \u2013 und Rev-Trac hilft Kunden, ihre Changes darauf in Scale, mit Tempo und mit Sicherheit zu betreiben.  <\/p>\n<h2>Ein Moment, der herausstach<\/h2>\n<p>Einer der klarsten Momente kam in einer Session von Frank Jungmann, Chief Product Expert bei SAP. In seiner Pr\u00e4sentation zu Change &#038; Deployment Management teilte er SAPs Sicht auf das \u00d6kosystem, was Cloud ALM nativ abdeckt und wo Partner die F\u00e4higkeiten erweitern.  <\/p>\n<p>Rev-Trac wurde als L\u00f6sung genannt, die die \u00e4u\u00dfere Schicht unterst\u00fctzt. Das ist eine wichtige Unterscheidung. Sie unterstreicht die Idee, dass SAP nicht versucht, jeden Edge Case innerhalb von Cloud ALM zu l\u00f6sen. SAP baut eine Plattform und setzt darauf, dass Partner sie dort erweitern, wo es n\u00f6tig ist.    <\/p>\n<p><img fetchpriority=\"high\" decoding=\"async\" width=\"800\" height=\"400\" src=\"https:\/\/rev-trac.com\/wp-content\/uploads\/2026\/06\/CALMfiona1-1024x512.png\" alt=\"\" srcset=\"https:\/\/rev-trac.com\/wp-content\/uploads\/2025\/10\/CALMfiona1-1024x512.png 1024w, https:\/\/rev-trac.com\/wp-content\/uploads\/2025\/10\/CALMfiona1-300x150.png 300w, https:\/\/rev-trac.com\/wp-content\/uploads\/2025\/10\/CALMfiona1-768x384.png 768w, https:\/\/rev-trac.com\/wp-content\/uploads\/2025\/10\/CALMfiona1-200x100.png 200w, https:\/\/rev-trac.com\/wp-content\/uploads\/2025\/10\/CALMfiona1.png 1200w\" sizes=\"(max-width: 800px) 100vw, 800px\"><\/p>\n<h2>Das Risiko ist nicht SAP Cloud ALM. Das Risiko ist, die Reise zu untersch\u00e4tzen. <\/h2>\n<p>Am Markt zeichnet sich ein Muster ab. Organisationen sind sich einig, dass Cloud ERP (sowohl Public als auch Private) das Ziel ist.  <\/p>\n<p>Aber viele arbeiten noch daran, wie sie dorthin kommen, ohne: <\/p>\n<ul>\n<li>die Delivery auszubremsen <\/li>\n<li>das Risiko in der Produktion zu erh\u00f6hen <\/li>\n<li>die Kontrolle \u00fcber Changes zu verlieren <\/li>\n<li>Compliance zu kompromittieren <\/li>\n<\/ul>\n<p>Und genau hier kommen erg\u00e4nzende L\u00f6sungen wie Rev-Trac ins Spiel. <\/p>\n<h2>Abschlie\u00dfender Gedanke: Es ist kein Entweder-oder<\/h2>\n<p>Wenn ich eine zentrale Erkenntnis aus dieser Woche mitnehme, dann diese: Es ist keine Entscheidung zwischen SAP Cloud ALM und Rev-Trac. <\/p>\n<p>Es geht darum zu verstehen, wof\u00fcr jedes System konzipiert ist \u2013 und wie sie gemeinsam besser funktionieren, damit Ihre Change-Management-Strategie zu Ihren Business-Anforderungen und Zielen passt. <\/p>\n<p>Besuchen Sie <a href=\"https:\/\/rev-trac.com\/solutions\/integrations-with-sap-cloud-alm\/\">hier<\/a>, um zu sehen, wie Rev-Trac und SAP Cloud ALM zusammenarbeiten, um Changes in komplexen SAP Umgebungen in Scale zu unterst\u00fctzen. <\/p>\n","protected":false},"excerpt":{"rendered":"<p>Ich bin gerade von einer Woche in Philadelphia beim SAP ALM Summit North America 2026 zur\u00fcckgekehrt \u2013 und eines wurde sehr deutlich: Rev-Trac und SAP Cloud ALM konkurrieren nicht miteinander. Sie l\u00f6sen unterschiedliche Ebenen desselben Problems. Und f\u00fcr Kunden, die sich in realen SAP Landscapes bewegen, macht das den entscheidenden Unterschied. SAPs Richtung ist klar: [&hellip;]<\/p>\n","protected":false},"author":11,"featured_media":109591,"comment_status":"open","ping_status":"closed","sticky":false,"template":"","format":"standard","meta":{"demo_duration":"","demo_product":"","demo_audience":"","demo_integrations":"","demo_url":"","demo_lede":"","webinar_type":"","webinar_status":"","webinar_date_display":"","webinar_date_start":"","webinar_time":"","webinar_duration":"","webinar_platform":"","webinar_presenter":"","webinar_video":"","agenda1_title":"","agenda1_desc":"","agenda2_title":"","agenda2_desc":"","agenda3_title":"","agenda3_desc":"","agenda4_title":"","agenda4_desc":"","agenda5_title":"","agenda5_desc":"","speaker1_name":"","speaker1_role":"","speaker1_photo":"","speaker2_name":"","speaker2_role":"","speaker2_photo":"","speaker3_name":"","speaker3_role":"","speaker3_photo":"","speaker4_name":"","speaker4_role":"","speaker4_photo":"","webinar_register":"","event_status":"","event_date_display":"","event_date_start":"","event_location":"","event_booth":"","event_format":"","event_url":"","session1_title":"","session1_speaker":"","session1_when":"","session1_room":"","session2_title":"","session2_speaker":"","session2_when":"","session2_room":"","session3_title":"","session3_speaker":"","session3_when":"","session3_room":"","session4_title":"","session4_speaker":"","session4_when":"","session4_room":"","team1_name":"","team1_role":"","team1_photo":"","team1_email":"","team1_linkedin":"","team2_name":"","team2_role":"","team2_photo":"","team2_email":"","team2_linkedin":"","team3_name":"","team3_role":"","team3_photo":"","team3_email":"","team3_linkedin":"","team4_name":"","team4_role":"","team4_photo":"","team4_email":"","team4_linkedin":"","team5_name":"","team5_role":"","team5_photo":"","team5_email":"","team5_linkedin":"","team6_name":"","team6_role":"","team6_photo":"","team6_email":"","team6_linkedin":"","event_booking":"","event_lede":"","cs_stat1_label":"","cs_stat1_value":"","cs_stat1_unit":"","cs_stat1_desc":"","cs_stat2_label":"","cs_stat2_value":"","cs_stat2_unit":"","cs_stat2_desc":"","cs_stat3_label":"","cs_stat3_value":"","cs_stat3_unit":"","cs_stat3_desc":"","cs_stat4_label":"","cs_stat4_value":"","cs_stat4_unit":"","cs_stat4_desc":"","cs_download_url":"","page_builder":"","footnotes":""},"categories":[159],"tags":[],"class_list":["post-109590","post","type-post","status-publish","format-standard","has-post-thumbnail","hentry","category-artikel"],"yoast_head":"<!-- This site is optimized with the Yoast SEO Premium plugin v28.3 (Yoast SEO v28.4) - https:\/\/yoast.com\/product\/yoast-seo-premium-wordpress\/ -->\n<title>SAP Changes souver\u00e4n steuern: Rev-Trac + SAP Cloud ALM - Rev-Trac<\/title>\n<meta name=\"description\" content=\"Ich bin gerade von einer Woche in Philadelphia beim SAP ALM Summit North America 2026 zur\u00fcckgekehrt \u2013 und eines wurde sehr deutlich: Rev-Trac und SAP\" \/>\n<meta name=\"robots\" content=\"index, follow, max-snippet:-1, max-image-preview:large, max-video-preview:-1\" \/>\n<link rel=\"canonical\" href=\"https:\/\/rev-trac.com\/de\/artikel\/sap-changes-souveraen-steuern-rev-trac-sap-cloud-alm\/\" \/>\n<meta property=\"og:locale\" content=\"de_DE\" \/>\n<meta property=\"og:type\" content=\"article\" \/>\n<meta property=\"og:title\" content=\"SAP Changes souver\u00e4n steuern: Rev-Trac + SAP Cloud ALM\" \/>\n<meta property=\"og:description\" content=\"Ich bin gerade von einer Woche in Philadelphia beim SAP ALM Summit North America 2026 zur\u00fcckgekehrt \u2013 und eines wurde sehr deutlich: Rev-Trac und SAP\" \/>\n<meta property=\"og:url\" content=\"https:\/\/rev-trac.com\/de\/artikel\/sap-changes-souveraen-steuern-rev-trac-sap-cloud-alm\/\" \/>\n<meta property=\"og:site_name\" content=\"Rev-Trac\" \/>\n<meta property=\"article:published_time\" content=\"2026-04-27T14:00:00+00:00\" \/>\n<meta property=\"og:image\" content=\"https:\/\/rev-trac.com\/wp-content\/uploads\/Team_NAALM.jpeg-1024x640.png\" \/>\n\t<meta property=\"og:image:width\" content=\"1024\" \/>\n\t<meta property=\"og:image:height\" content=\"640\" \/>\n\t<meta property=\"og:image:type\" content=\"image\/png\" \/>\n<meta name=\"author\" content=\"Fiona Lorenzini\" \/>\n<meta name=\"twitter:card\" content=\"summary_large_image\" \/>\n<meta name=\"twitter:label1\" content=\"Verfasst von\" \/>\n\t<meta name=\"twitter:data1\" content=\"Fiona Lorenzini\" \/>\n\t<meta name=\"twitter:label2\" content=\"Gesch\u00e4tzte Lesezeit\" \/>\n\t<meta name=\"twitter:data2\" content=\"3\u00a0Minuten\" \/>\n<script type=\"application\/ld+json\" class=\"yoast-schema-graph\">{\"@context\":\"https:\\\/\\\/schema.org\",\"@graph\":[{\"@type\":\"Article\",\"@id\":\"https:\\\/\\\/rev-trac.com\\\/de\\\/artikel\\\/sap-changes-souveraen-steuern-rev-trac-sap-cloud-alm\\\/#article\",\"isPartOf\":{\"@id\":\"https:\\\/\\\/rev-trac.com\\\/de\\\/artikel\\\/sap-changes-souveraen-steuern-rev-trac-sap-cloud-alm\\\/\"},\"author\":{\"name\":\"Fiona Lorenzini\",\"@id\":\"https:\\\/\\\/rev-trac.com\\\/de\\\/#\\\/schema\\\/person\\\/a8680a31604f18ca629b122c2c7397ae\"},\"headline\":\"SAP Changes souver\u00e4n steuern: Rev-Trac + SAP Cloud ALM\",\"datePublished\":\"2026-04-27T14:00:00+00:00\",\"mainEntityOfPage\":{\"@id\":\"https:\\\/\\\/rev-trac.com\\\/de\\\/artikel\\\/sap-changes-souveraen-steuern-rev-trac-sap-cloud-alm\\\/\"},\"wordCount\":659,\"commentCount\":0,\"publisher\":{\"@id\":\"https:\\\/\\\/rev-trac.com\\\/de\\\/#organization\"},\"image\":{\"@id\":\"https:\\\/\\\/rev-trac.com\\\/de\\\/artikel\\\/sap-changes-souveraen-steuern-rev-trac-sap-cloud-alm\\\/#primaryimage\"},\"thumbnailUrl\":\"https:\\\/\\\/rev-trac.com\\\/wp-content\\\/uploads\\\/Team_NAALM.jpeg.png\",\"articleSection\":[\"Artikel\"],\"inLanguage\":\"de\",\"potentialAction\":[{\"@type\":\"CommentAction\",\"name\":\"Comment\",\"target\":[\"https:\\\/\\\/rev-trac.com\\\/de\\\/artikel\\\/sap-changes-souveraen-steuern-rev-trac-sap-cloud-alm\\\/#respond\"]}]},{\"@type\":\"WebPage\",\"@id\":\"https:\\\/\\\/rev-trac.com\\\/de\\\/artikel\\\/sap-changes-souveraen-steuern-rev-trac-sap-cloud-alm\\\/\",\"url\":\"https:\\\/\\\/rev-trac.com\\\/de\\\/artikel\\\/sap-changes-souveraen-steuern-rev-trac-sap-cloud-alm\\\/\",\"name\":\"SAP Changes souver\u00e4n steuern: Rev-Trac + SAP Cloud ALM - Rev-Trac\",\"isPartOf\":{\"@id\":\"https:\\\/\\\/rev-trac.com\\\/de\\\/#website\"},\"primaryImageOfPage\":{\"@id\":\"https:\\\/\\\/rev-trac.com\\\/de\\\/artikel\\\/sap-changes-souveraen-steuern-rev-trac-sap-cloud-alm\\\/#primaryimage\"},\"image\":{\"@id\":\"https:\\\/\\\/rev-trac.com\\\/de\\\/artikel\\\/sap-changes-souveraen-steuern-rev-trac-sap-cloud-alm\\\/#primaryimage\"},\"thumbnailUrl\":\"https:\\\/\\\/rev-trac.com\\\/wp-content\\\/uploads\\\/Team_NAALM.jpeg.png\",\"datePublished\":\"2026-04-27T14:00:00+00:00\",\"description\":\"Ich bin gerade von einer Woche in Philadelphia beim SAP ALM Summit North America 2026 zur\u00fcckgekehrt \u2013 und eines wurde sehr deutlich: Rev-Trac und SAP\",\"breadcrumb\":{\"@id\":\"https:\\\/\\\/rev-trac.com\\\/de\\\/artikel\\\/sap-changes-souveraen-steuern-rev-trac-sap-cloud-alm\\\/#breadcrumb\"},\"inLanguage\":\"de\",\"potentialAction\":[{\"@type\":\"ReadAction\",\"target\":[\"https:\\\/\\\/rev-trac.com\\\/de\\\/artikel\\\/sap-changes-souveraen-steuern-rev-trac-sap-cloud-alm\\\/\"]}]},{\"@type\":\"ImageObject\",\"inLanguage\":\"de\",\"@id\":\"https:\\\/\\\/rev-trac.com\\\/de\\\/artikel\\\/sap-changes-souveraen-steuern-rev-trac-sap-cloud-alm\\\/#primaryimage\",\"url\":\"https:\\\/\\\/rev-trac.com\\\/wp-content\\\/uploads\\\/Team_NAALM.jpeg.png\",\"contentUrl\":\"https:\\\/\\\/rev-trac.com\\\/wp-content\\\/uploads\\\/Team_NAALM.jpeg.png\",\"width\":1920,\"height\":1200,\"caption\":\"SAP Changes souver\u00e4n steuern: Rev-Trac + SAP Cloud ALM\"},{\"@type\":\"BreadcrumbList\",\"@id\":\"https:\\\/\\\/rev-trac.com\\\/de\\\/artikel\\\/sap-changes-souveraen-steuern-rev-trac-sap-cloud-alm\\\/#breadcrumb\",\"itemListElement\":[{\"@type\":\"ListItem\",\"position\":1,\"name\":\"Home\",\"item\":\"https:\\\/\\\/rev-trac.com\\\/de\\\/startseite\\\/\"},{\"@type\":\"ListItem\",\"position\":2,\"name\":\"SAP Changes souver\u00e4n steuern: Rev-Trac + SAP Cloud ALM\"}]},{\"@type\":\"WebSite\",\"@id\":\"https:\\\/\\\/rev-trac.com\\\/de\\\/#website\",\"url\":\"https:\\\/\\\/rev-trac.com\\\/de\\\/\",\"name\":\"Rev-Trac\",\"description\":\"Unifying SAP Change Management\",\"publisher\":{\"@id\":\"https:\\\/\\\/rev-trac.com\\\/de\\\/#organization\"},\"potentialAction\":[{\"@type\":\"SearchAction\",\"target\":{\"@type\":\"EntryPoint\",\"urlTemplate\":\"https:\\\/\\\/rev-trac.com\\\/de\\\/?s={search_term_string}\"},\"query-input\":{\"@type\":\"PropertyValueSpecification\",\"valueRequired\":true,\"valueName\":\"search_term_string\"}}],\"inLanguage\":\"de\"},{\"@type\":\"Organization\",\"@id\":\"https:\\\/\\\/rev-trac.com\\\/de\\\/#organization\",\"name\":\"Rev-Trac\",\"url\":\"https:\\\/\\\/rev-trac.com\\\/de\\\/\",\"logo\":{\"@type\":\"ImageObject\",\"inLanguage\":\"de\",\"@id\":\"https:\\\/\\\/rev-trac.com\\\/de\\\/#\\\/schema\\\/logo\\\/image\\\/\",\"url\":\"https:\\\/\\\/rev-trac.com\\\/wp-content\\\/uploads\\\/Brandmark_Colour.png\",\"contentUrl\":\"https:\\\/\\\/rev-trac.com\\\/wp-content\\\/uploads\\\/Brandmark_Colour.png\",\"width\":1000,\"height\":1000,\"caption\":\"Rev-Trac\"},\"image\":{\"@id\":\"https:\\\/\\\/rev-trac.com\\\/de\\\/#\\\/schema\\\/logo\\\/image\\\/\"},\"description\":\"Rev-Trac automates SAP change delivery, governs every environment, and gives enterprises the confidence to transform without losing control. Continuous Innovation. Continuous Transformation. Complete Governance.\",\"email\":\"hello@rev-trac.com\",\"foundingDate\":\"1997-01-01\",\"numberOfEmployees\":{\"@type\":\"QuantitativeValue\",\"minValue\":\"51\",\"maxValue\":\"200\"}},{\"@type\":\"Person\",\"@id\":\"https:\\\/\\\/rev-trac.com\\\/de\\\/#\\\/schema\\\/person\\\/a8680a31604f18ca629b122c2c7397ae\",\"name\":\"Fiona Lorenzini\",\"image\":{\"@type\":\"ImageObject\",\"inLanguage\":\"de\",\"@id\":\"https:\\\/\\\/secure.gravatar.com\\\/avatar\\\/354e06154052468b41792e84a07d89b1cd9995908a7cf2ca8b969b703bbe16d6?s=96&d=mm&r=g\",\"url\":\"https:\\\/\\\/secure.gravatar.com\\\/avatar\\\/354e06154052468b41792e84a07d89b1cd9995908a7cf2ca8b969b703bbe16d6?s=96&d=mm&r=g\",\"contentUrl\":\"https:\\\/\\\/secure.gravatar.com\\\/avatar\\\/354e06154052468b41792e84a07d89b1cd9995908a7cf2ca8b969b703bbe16d6?s=96&d=mm&r=g\",\"caption\":\"Fiona Lorenzini\"}}]}<\/script>\n<!-- \/ Yoast SEO Premium plugin. -->","yoast_head_json":{"title":"SAP Changes souver\u00e4n steuern: Rev-Trac + SAP Cloud ALM - Rev-Trac","description":"Ich bin gerade von einer Woche in Philadelphia beim SAP ALM Summit North America 2026 zur\u00fcckgekehrt \u2013 und eines wurde sehr deutlich: Rev-Trac und SAP","robots":{"index":"index","follow":"follow","max-snippet":"max-snippet:-1","max-image-preview":"max-image-preview:large","max-video-preview":"max-video-preview:-1"},"canonical":"https:\/\/rev-trac.com\/de\/artikel\/sap-changes-souveraen-steuern-rev-trac-sap-cloud-alm\/","og_locale":"de_DE","og_type":"article","og_title":"SAP Changes souver\u00e4n steuern: Rev-Trac + SAP Cloud ALM","og_description":"Ich bin gerade von einer Woche in Philadelphia beim SAP ALM Summit North America 2026 zur\u00fcckgekehrt \u2013 und eines wurde sehr deutlich: Rev-Trac und SAP","og_url":"https:\/\/rev-trac.com\/de\/artikel\/sap-changes-souveraen-steuern-rev-trac-sap-cloud-alm\/","og_site_name":"Rev-Trac","article_published_time":"2026-04-27T14:00:00+00:00","og_image":[{"width":1024,"height":640,"url":"https:\/\/rev-trac.com\/wp-content\/uploads\/Team_NAALM.jpeg-1024x640.png","type":"image\/png"}],"author":"Fiona Lorenzini","twitter_card":"summary_large_image","twitter_misc":{"Verfasst von":"Fiona Lorenzini","Gesch\u00e4tzte Lesezeit":"3\u00a0Minuten"},"schema":{"@context":"https:\/\/schema.org","@graph":[{"@type":"Article","@id":"https:\/\/rev-trac.com\/de\/artikel\/sap-changes-souveraen-steuern-rev-trac-sap-cloud-alm\/#article","isPartOf":{"@id":"https:\/\/rev-trac.com\/de\/artikel\/sap-changes-souveraen-steuern-rev-trac-sap-cloud-alm\/"},"author":{"name":"Fiona Lorenzini","@id":"https:\/\/rev-trac.com\/de\/#\/schema\/person\/a8680a31604f18ca629b122c2c7397ae"},"headline":"SAP Changes souver\u00e4n steuern: Rev-Trac + SAP Cloud ALM","datePublished":"2026-04-27T14:00:00+00:00","mainEntityOfPage":{"@id":"https:\/\/rev-trac.com\/de\/artikel\/sap-changes-souveraen-steuern-rev-trac-sap-cloud-alm\/"},"wordCount":659,"commentCount":0,"publisher":{"@id":"https:\/\/rev-trac.com\/de\/#organization"},"image":{"@id":"https:\/\/rev-trac.com\/de\/artikel\/sap-changes-souveraen-steuern-rev-trac-sap-cloud-alm\/#primaryimage"},"thumbnailUrl":"https:\/\/rev-trac.com\/wp-content\/uploads\/Team_NAALM.jpeg.png","articleSection":["Artikel"],"inLanguage":"de","potentialAction":[{"@type":"CommentAction","name":"Comment","target":["https:\/\/rev-trac.com\/de\/artikel\/sap-changes-souveraen-steuern-rev-trac-sap-cloud-alm\/#respond"]}]},{"@type":"WebPage","@id":"https:\/\/rev-trac.com\/de\/artikel\/sap-changes-souveraen-steuern-rev-trac-sap-cloud-alm\/","url":"https:\/\/rev-trac.com\/de\/artikel\/sap-changes-souveraen-steuern-rev-trac-sap-cloud-alm\/","name":"SAP Changes souver\u00e4n steuern: Rev-Trac + SAP Cloud ALM - Rev-Trac","isPartOf":{"@id":"https:\/\/rev-trac.com\/de\/#website"},"primaryImageOfPage":{"@id":"https:\/\/rev-trac.com\/de\/artikel\/sap-changes-souveraen-steuern-rev-trac-sap-cloud-alm\/#primaryimage"},"image":{"@id":"https:\/\/rev-trac.com\/de\/artikel\/sap-changes-souveraen-steuern-rev-trac-sap-cloud-alm\/#primaryimage"},"thumbnailUrl":"https:\/\/rev-trac.com\/wp-content\/uploads\/Team_NAALM.jpeg.png","datePublished":"2026-04-27T14:00:00+00:00","description":"Ich bin gerade von einer Woche in Philadelphia beim SAP ALM Summit North America 2026 zur\u00fcckgekehrt \u2013 und eines wurde sehr deutlich: Rev-Trac und SAP","breadcrumb":{"@id":"https:\/\/rev-trac.com\/de\/artikel\/sap-changes-souveraen-steuern-rev-trac-sap-cloud-alm\/#breadcrumb"},"inLanguage":"de","potentialAction":[{"@type":"ReadAction","target":["https:\/\/rev-trac.com\/de\/artikel\/sap-changes-souveraen-steuern-rev-trac-sap-cloud-alm\/"]}]},{"@type":"ImageObject","inLanguage":"de","@id":"https:\/\/rev-trac.com\/de\/artikel\/sap-changes-souveraen-steuern-rev-trac-sap-cloud-alm\/#primaryimage","url":"https:\/\/rev-trac.com\/wp-content\/uploads\/Team_NAALM.jpeg.png","contentUrl":"https:\/\/rev-trac.com\/wp-content\/uploads\/Team_NAALM.jpeg.png","width":1920,"height":1200,"caption":"SAP Changes souver\u00e4n steuern: Rev-Trac + SAP Cloud ALM"},{"@type":"BreadcrumbList","@id":"https:\/\/rev-trac.com\/de\/artikel\/sap-changes-souveraen-steuern-rev-trac-sap-cloud-alm\/#breadcrumb","itemListElement":[{"@type":"ListItem","position":1,"name":"Home","item":"https:\/\/rev-trac.com\/de\/startseite\/"},{"@type":"ListItem","position":2,"name":"SAP Changes souver\u00e4n steuern: Rev-Trac + SAP Cloud ALM"}]},{"@type":"WebSite","@id":"https:\/\/rev-trac.com\/de\/#website","url":"https:\/\/rev-trac.com\/de\/","name":"Rev-Trac","description":"Unifying SAP Change Management","publisher":{"@id":"https:\/\/rev-trac.com\/de\/#organization"},"potentialAction":[{"@type":"SearchAction","target":{"@type":"EntryPoint","urlTemplate":"https:\/\/rev-trac.com\/de\/?s={search_term_string}"},"query-input":{"@type":"PropertyValueSpecification","valueRequired":true,"valueName":"search_term_string"}}],"inLanguage":"de"},{"@type":"Organization","@id":"https:\/\/rev-trac.com\/de\/#organization","name":"Rev-Trac","url":"https:\/\/rev-trac.com\/de\/","logo":{"@type":"ImageObject","inLanguage":"de","@id":"https:\/\/rev-trac.com\/de\/#\/schema\/logo\/image\/","url":"https:\/\/rev-trac.com\/wp-content\/uploads\/Brandmark_Colour.png","contentUrl":"https:\/\/rev-trac.com\/wp-content\/uploads\/Brandmark_Colour.png","width":1000,"height":1000,"caption":"Rev-Trac"},"image":{"@id":"https:\/\/rev-trac.com\/de\/#\/schema\/logo\/image\/"},"description":"Rev-Trac automates SAP change delivery, governs every environment, and gives enterprises the confidence to transform without losing control. Continuous Innovation. Continuous Transformation. Complete Governance.","email":"hello@rev-trac.com","foundingDate":"1997-01-01","numberOfEmployees":{"@type":"QuantitativeValue","minValue":"51","maxValue":"200"}},{"@type":"Person","@id":"https:\/\/rev-trac.com\/de\/#\/schema\/person\/a8680a31604f18ca629b122c2c7397ae","name":"Fiona Lorenzini","image":{"@type":"ImageObject","inLanguage":"de","@id":"https:\/\/secure.gravatar.com\/avatar\/354e06154052468b41792e84a07d89b1cd9995908a7cf2ca8b969b703bbe16d6?s=96&d=mm&r=g","url":"https:\/\/secure.gravatar.com\/avatar\/354e06154052468b41792e84a07d89b1cd9995908a7cf2ca8b969b703bbe16d6?s=96&d=mm&r=g","contentUrl":"https:\/\/secure.gravatar.com\/avatar\/354e06154052468b41792e84a07d89b1cd9995908a7cf2ca8b969b703bbe16d6?s=96&d=mm&r=g","caption":"Fiona Lorenzini"}}]}},"_links":{"self":[{"href":"https:\/\/rev-trac.com\/de\/wp-json\/wp\/v2\/posts\/109590","targetHints":{"allow":["GET"]}}],"collection":[{"href":"https:\/\/rev-trac.com\/de\/wp-json\/wp\/v2\/posts"}],"about":[{"href":"https:\/\/rev-trac.com\/de\/wp-json\/wp\/v2\/types\/post"}],"author":[{"embeddable":true,"href":"https:\/\/rev-trac.com\/de\/wp-json\/wp\/v2\/users\/11"}],"replies":[{"embeddable":true,"href":"https:\/\/rev-trac.com\/de\/wp-json\/wp\/v2\/comments?post=109590"}],"version-history":[{"count":0,"href":"https:\/\/rev-trac.com\/de\/wp-json\/wp\/v2\/posts\/109590\/revisions"}],"wp:featuredmedia":[{"embeddable":true,"href":"https:\/\/rev-trac.com\/de\/wp-json\/wp\/v2\/media\/109591"}],"wp:attachment":[{"href":"https:\/\/rev-trac.com\/de\/wp-json\/wp\/v2\/media?parent=109590"}],"wp:term":[{"taxonomy":"category","embeddable":true,"href":"https:\/\/rev-trac.com\/de\/wp-json\/wp\/v2\/categories?post=109590"},{"taxonomy":"post_tag","embeddable":true,"href":"https:\/\/rev-trac.com\/de\/wp-json\/wp\/v2\/tags?post=109590"}],"curies":[{"name":"wp","href":"https:\/\/api.w.org\/{rel}","templated":true}]}}