{"id":109505,"date":"2026-08-14T13:08:25","date_gmt":"2026-08-14T03:08:25","guid":{"rendered":"https:\/\/rev-trac.com\/unkategorisiert\/asug-techconnect\/"},"modified":"2026-08-28T10:29:58","modified_gmt":"2026-08-28T00:29:58","slug":"asug-techconnect","status":"publish","type":"post","link":"https:\/\/rev-trac.com\/de\/veranstaltungen\/asug-techconnect\/","title":{"rendered":"ASUG TechConnect"},"content":{"rendered":"\n<p class=\"wp-block-paragraph\">Das Rev-Trac-Team wird bei <strong>ASUG TechConnect<\/strong> dabei sein \u2013 f\u00fcr die aufschlussreichen Sessions, Demos und vor allem f\u00fcr Gespr\u00e4che mit der SAP-Community \u00fcber die Vorteile der Automatisierung und Absicherung von SAP-\u00c4nderungen.<\/p>\n\n<p class=\"wp-block-paragraph\">Setzen Sie sich mit unseren Teilnehmern in Verbindung, wenn Sie weitere Informationen dar\u00fcber w\u00fcnschen, wie Rev-Trac Sie und Ihr Unternehmen beim Management von SAP-Changes unterst\u00fctzen kann, einschlie\u00dflich:<\/p>\n\n<p class=\"wp-block-paragraph\"><a href=\"https:\/\/rev-trac.com\/de\/loesungen\/sap-devops\/\">Kontinuierliche Innovation und Transformation<\/a>.<\/p>\n\n<p class=\"wp-block-paragraph\">Ihre Strategie f\u00fcr das ChaRM EOL. <a href=\"https:\/\/rev-trac.com\/de\/jenseits-von-charm\/\">Erfahren Sie, wie Rev-Trac die Zukunft von SAP-Changes unterst\u00fctzt<\/a>.<\/p>\n\n<p class=\"wp-block-paragraph\">Wie <a href=\"https:\/\/rev-trac.com\/de\/loesungen\/sap-cloud-alm\/\">Rev-Trac SAP Cloud ALM erg\u00e4nzt<\/a>, insbesondere f\u00fcr Organisationen in stark regulierten und komplexen Umgebungen<\/p>\n","protected":false},"excerpt":{"rendered":"<p>Das Rev-Trac-Team wird bei ASUG TechConnect dabei sein \u2013 f\u00fcr die aufschlussreichen Sessions, Demos und vor allem f\u00fcr Gespr\u00e4che mit der SAP-Community \u00fcber die Vorteile der Automatisierung und Absicherung von SAP-\u00c4nderungen. Setzen Sie sich mit unseren Teilnehmern in Verbindung, wenn Sie weitere Informationen dar\u00fcber w\u00fcnschen, wie Rev-Trac Sie und Ihr Unternehmen beim Management von SAP-Changes [&hellip;]<\/p>\n","protected":false},"author":1,"featured_media":109668,"comment_status":"closed","ping_status":"closed","sticky":false,"template":"","format":"standard","meta":{"demo_duration":"","demo_product":"","demo_audience":"","demo_integrations":"","demo_url":"","demo_lede":"","webinar_type":"live","webinar_status":"","webinar_date_display":"","webinar_date_start":"","webinar_time":"","webinar_duration":"","webinar_platform":"","webinar_presenter":"","webinar_video":"","agenda1_title":"","agenda1_desc":"","agenda2_title":"","agenda2_desc":"","agenda3_title":"","agenda3_desc":"","agenda4_title":"","agenda4_desc":"","agenda5_title":"","agenda5_desc":"","speaker1_name":"","speaker1_role":"","speaker1_photo":"","speaker2_name":"","speaker2_role":"","speaker2_photo":"","speaker3_name":"","speaker3_role":"","speaker3_photo":"","speaker4_name":"","speaker4_role":"","speaker4_photo":"","webinar_register":"","event_status":"Wir nehmen teil","event_date_display":"2.\u20134. November","event_date_start":"2026-11-02","event_location":"Louisville, KY \/ Fort Worth Convention Center, 1201 Throckmorton St","event_booth":"Stand 325","event_format":"Vor Ort","event_url":"https:\/\/www.asug.com\/events\/asug-tech-connect","session1_title":"","session1_speaker":"","session1_when":"","session1_room":"","session2_title":"","session2_speaker":"","session2_when":"","session2_room":"","session3_title":"","session3_speaker":"","session3_when":"","session3_room":"","session4_title":"","session4_speaker":"","session4_when":"","session4_room":"","team1_name":"Dan McGrann","team1_role":"US-Vertriebsleiter","team1_photo":"https:\/\/rev-trac.com\/wp-content\/uploads\/Dan-Rev-Trac-Staff-Photos.jpg","team1_email":"dan.mcgrann@rev-trac.com","team1_linkedin":"","team2_name":"Maria Lopez","team2_role":"Mitarbeiter\/in f\u00fcr Gesch\u00e4ftsentwicklung","team2_photo":"","team2_email":"maria.lopez@rev-trac.com","team2_linkedin":"","team3_name":"Yas Ward","team3_role":"Manager \u2013 Vertrieb & strategische Allianzen","team3_photo":"https:\/\/rev-trac.com\/wp-content\/uploads\/Yas-Rev-Trac-Staff-Photos.jpg","team3_email":"yas.ward@rev-trac.com","team3_linkedin":"","team4_name":"Charlie Kelley","team4_role":"Senior Sales Executive","team4_photo":"","team4_email":"Charlie.Kelley@rev-trac.com","team4_linkedin":"","team5_name":"Afshin Zakikhani","team5_role":"Regionaler Vertriebsleiter","team5_photo":"https:\/\/rev-trac.com\/wp-content\/uploads\/Afshin-Rev-Trac-Staff-Photos.jpg","team5_email":"Afshin.Zakikhani@rev-trac.com","team5_linkedin":"","team6_name":"Shay Jarrell","team6_role":"Regionaler Vertriebsleiter","team6_photo":"https:\/\/rev-trac.com\/wp-content\/uploads\/Shay-Rev-Trac-Staff-Photos.jpg","team6_email":"shay.jarrell@rev-trac.com","team6_linkedin":"","event_booking":"","event_lede":"Das Rev-Trac-Team wird f\u00fcr die Sessions und Demos vor Ort sein, um sich mit der SAP-Community \u00fcber die Automatisierung und Absicherung von SAP-Changes auszutauschen.","cs_stat1_label":"","cs_stat1_value":"","cs_stat1_unit":"","cs_stat1_desc":"","cs_stat2_label":"","cs_stat2_value":"","cs_stat2_unit":"","cs_stat2_desc":"","cs_stat3_label":"","cs_stat3_value":"","cs_stat3_unit":"","cs_stat3_desc":"","cs_stat4_label":"","cs_stat4_value":"","cs_stat4_unit":"","cs_stat4_desc":"","cs_download_url":"","page_builder":"","footnotes":""},"categories":[216],"tags":[541,542,555],"class_list":["post-109505","post","type-post","status-publish","format-standard","has-post-thumbnail","hentry","category-veranstaltungen","tag-event","tag-konferenz","tag-nordamerika"],"yoast_head":"<!-- This site is optimized with the Yoast SEO Premium plugin v28.3 (Yoast SEO v28.4) - https:\/\/yoast.com\/product\/yoast-seo-premium-wordpress\/ -->\n<title>ASUG TechConnect - Rev-Trac<\/title>\n<meta name=\"description\" content=\"Das Rev-Trac-Team wird bei ASUG TechConnect dabei sein \u2013 f\u00fcr die aufschlussreichen Sessions, Demos und vor allem f\u00fcr Gespr\u00e4che mit der SAP-Community \u00fcber\" \/>\n<meta name=\"robots\" content=\"index, follow, max-snippet:-1, max-image-preview:large, max-video-preview:-1\" \/>\n<link rel=\"canonical\" href=\"https:\/\/rev-trac.com\/de\/veranstaltungen\/asug-techconnect\/\" \/>\n<meta property=\"og:locale\" content=\"de_DE\" \/>\n<meta property=\"og:type\" content=\"article\" \/>\n<meta property=\"og:title\" content=\"ASUG TechConnect\" \/>\n<meta property=\"og:description\" content=\"Das Rev-Trac-Team wird bei ASUG TechConnect dabei sein \u2013 f\u00fcr die aufschlussreichen Sessions, Demos und vor allem f\u00fcr Gespr\u00e4che mit der SAP-Community \u00fcber\" \/>\n<meta property=\"og:url\" content=\"https:\/\/rev-trac.com\/de\/veranstaltungen\/asug-techconnect\/\" \/>\n<meta property=\"og:site_name\" content=\"Rev-Trac\" \/>\n<meta property=\"article:published_time\" content=\"2026-08-14T03:08:25+00:00\" \/>\n<meta property=\"article:modified_time\" content=\"2026-08-28T00:29:58+00:00\" \/>\n<meta property=\"og:image\" content=\"https:\/\/rev-trac.com\/wp-content\/uploads\/august-2023-se-entrance-rendering.jpg\" \/>\n\t<meta property=\"og:image:width\" content=\"1080\" \/>\n\t<meta property=\"og:image:height\" content=\"607\" \/>\n\t<meta property=\"og:image:type\" content=\"image\/jpeg\" \/>\n<meta name=\"author\" content=\"Rev-Trac\" \/>\n<meta name=\"twitter:card\" content=\"summary_large_image\" \/>\n<meta name=\"twitter:label1\" content=\"Verfasst von\" \/>\n\t<meta name=\"twitter:data1\" content=\"Rev-Trac\" \/>\n\t<meta name=\"twitter:label2\" content=\"Gesch\u00e4tzte Lesezeit\" \/>\n\t<meta name=\"twitter:data2\" content=\"1\u00a0Minute\" \/>\n<script type=\"application\/ld+json\" class=\"yoast-schema-graph\">{\"@context\":\"https:\\\/\\\/schema.org\",\"@graph\":[{\"@type\":\"Article\",\"@id\":\"https:\\\/\\\/rev-trac.com\\\/de\\\/veranstaltungen\\\/asug-techconnect\\\/#article\",\"isPartOf\":{\"@id\":\"https:\\\/\\\/rev-trac.com\\\/de\\\/veranstaltungen\\\/asug-techconnect\\\/\"},\"author\":{\"name\":\"Rev-Trac\",\"@id\":\"https:\\\/\\\/rev-trac.com\\\/de\\\/#\\\/schema\\\/person\\\/4fc40688959a74376c8ecbf6be4b79e9\"},\"headline\":\"ASUG TechConnect\",\"datePublished\":\"2026-08-14T03:08:25+00:00\",\"dateModified\":\"2026-08-28T00:29:58+00:00\",\"mainEntityOfPage\":{\"@id\":\"https:\\\/\\\/rev-trac.com\\\/de\\\/veranstaltungen\\\/asug-techconnect\\\/\"},\"wordCount\":105,\"publisher\":{\"@id\":\"https:\\\/\\\/rev-trac.com\\\/de\\\/#organization\"},\"image\":{\"@id\":\"https:\\\/\\\/rev-trac.com\\\/de\\\/veranstaltungen\\\/asug-techconnect\\\/#primaryimage\"},\"thumbnailUrl\":\"https:\\\/\\\/rev-trac.com\\\/wp-content\\\/uploads\\\/august-2023-se-entrance-rendering.jpg\",\"keywords\":[\"Event\",\"Konferenz\",\"Nordamerika\"],\"articleSection\":[\"Veranstaltungen\"],\"inLanguage\":\"de\"},{\"@type\":\"WebPage\",\"@id\":\"https:\\\/\\\/rev-trac.com\\\/de\\\/veranstaltungen\\\/asug-techconnect\\\/\",\"url\":\"https:\\\/\\\/rev-trac.com\\\/de\\\/veranstaltungen\\\/asug-techconnect\\\/\",\"name\":\"ASUG TechConnect - Rev-Trac\",\"isPartOf\":{\"@id\":\"https:\\\/\\\/rev-trac.com\\\/de\\\/#website\"},\"primaryImageOfPage\":{\"@id\":\"https:\\\/\\\/rev-trac.com\\\/de\\\/veranstaltungen\\\/asug-techconnect\\\/#primaryimage\"},\"image\":{\"@id\":\"https:\\\/\\\/rev-trac.com\\\/de\\\/veranstaltungen\\\/asug-techconnect\\\/#primaryimage\"},\"thumbnailUrl\":\"https:\\\/\\\/rev-trac.com\\\/wp-content\\\/uploads\\\/august-2023-se-entrance-rendering.jpg\",\"datePublished\":\"2026-08-14T03:08:25+00:00\",\"dateModified\":\"2026-08-28T00:29:58+00:00\",\"description\":\"Das Rev-Trac-Team wird bei ASUG TechConnect dabei sein \u2013 f\u00fcr die aufschlussreichen Sessions, Demos und vor allem f\u00fcr Gespr\u00e4che mit der SAP-Community \u00fcber\",\"breadcrumb\":{\"@id\":\"https:\\\/\\\/rev-trac.com\\\/de\\\/veranstaltungen\\\/asug-techconnect\\\/#breadcrumb\"},\"inLanguage\":\"de\",\"potentialAction\":[{\"@type\":\"ReadAction\",\"target\":[\"https:\\\/\\\/rev-trac.com\\\/de\\\/veranstaltungen\\\/asug-techconnect\\\/\"]}]},{\"@type\":\"ImageObject\",\"inLanguage\":\"de\",\"@id\":\"https:\\\/\\\/rev-trac.com\\\/de\\\/veranstaltungen\\\/asug-techconnect\\\/#primaryimage\",\"url\":\"https:\\\/\\\/rev-trac.com\\\/wp-content\\\/uploads\\\/august-2023-se-entrance-rendering.jpg\",\"contentUrl\":\"https:\\\/\\\/rev-trac.com\\\/wp-content\\\/uploads\\\/august-2023-se-entrance-rendering.jpg\",\"width\":1080,\"height\":607},{\"@type\":\"BreadcrumbList\",\"@id\":\"https:\\\/\\\/rev-trac.com\\\/de\\\/veranstaltungen\\\/asug-techconnect\\\/#breadcrumb\",\"itemListElement\":[{\"@type\":\"ListItem\",\"position\":1,\"name\":\"Home\",\"item\":\"https:\\\/\\\/rev-trac.com\\\/de\\\/startseite\\\/\"},{\"@type\":\"ListItem\",\"position\":2,\"name\":\"ASUG TechConnect\"}]},{\"@type\":\"WebSite\",\"@id\":\"https:\\\/\\\/rev-trac.com\\\/de\\\/#website\",\"url\":\"https:\\\/\\\/rev-trac.com\\\/de\\\/\",\"name\":\"Rev-Trac\",\"description\":\"Unifying SAP Change Management\",\"publisher\":{\"@id\":\"https:\\\/\\\/rev-trac.com\\\/de\\\/#organization\"},\"potentialAction\":[{\"@type\":\"SearchAction\",\"target\":{\"@type\":\"EntryPoint\",\"urlTemplate\":\"https:\\\/\\\/rev-trac.com\\\/de\\\/?s={search_term_string}\"},\"query-input\":{\"@type\":\"PropertyValueSpecification\",\"valueRequired\":true,\"valueName\":\"search_term_string\"}}],\"inLanguage\":\"de\"},{\"@type\":\"Organization\",\"@id\":\"https:\\\/\\\/rev-trac.com\\\/de\\\/#organization\",\"name\":\"Rev-Trac\",\"url\":\"https:\\\/\\\/rev-trac.com\\\/de\\\/\",\"logo\":{\"@type\":\"ImageObject\",\"inLanguage\":\"de\",\"@id\":\"https:\\\/\\\/rev-trac.com\\\/de\\\/#\\\/schema\\\/logo\\\/image\\\/\",\"url\":\"https:\\\/\\\/rev-trac.com\\\/wp-content\\\/uploads\\\/Brandmark_Colour.png\",\"contentUrl\":\"https:\\\/\\\/rev-trac.com\\\/wp-content\\\/uploads\\\/Brandmark_Colour.png\",\"width\":1000,\"height\":1000,\"caption\":\"Rev-Trac\"},\"image\":{\"@id\":\"https:\\\/\\\/rev-trac.com\\\/de\\\/#\\\/schema\\\/logo\\\/image\\\/\"},\"description\":\"Rev-Trac automates SAP change delivery, governs every environment, and gives enterprises the confidence to transform without losing control. Continuous Innovation. Continuous Transformation. Complete Governance.\",\"email\":\"hello@rev-trac.com\",\"foundingDate\":\"1997-01-01\",\"numberOfEmployees\":{\"@type\":\"QuantitativeValue\",\"minValue\":\"51\",\"maxValue\":\"200\"}},{\"@type\":\"Person\",\"@id\":\"https:\\\/\\\/rev-trac.com\\\/de\\\/#\\\/schema\\\/person\\\/4fc40688959a74376c8ecbf6be4b79e9\",\"name\":\"Rev-Trac\",\"image\":{\"@type\":\"ImageObject\",\"inLanguage\":\"de\",\"@id\":\"https:\\\/\\\/secure.gravatar.com\\\/avatar\\\/1bc25a329a0c22ed4b67d05271482455c772111c12991dba8a32ee8821ba5111?s=96&d=mm&r=g\",\"url\":\"https:\\\/\\\/secure.gravatar.com\\\/avatar\\\/1bc25a329a0c22ed4b67d05271482455c772111c12991dba8a32ee8821ba5111?s=96&d=mm&r=g\",\"contentUrl\":\"https:\\\/\\\/secure.gravatar.com\\\/avatar\\\/1bc25a329a0c22ed4b67d05271482455c772111c12991dba8a32ee8821ba5111?s=96&d=mm&r=g\",\"caption\":\"Rev-Trac\"}}]}<\/script>\n<!-- \/ Yoast SEO Premium plugin. -->","yoast_head_json":{"title":"ASUG TechConnect - Rev-Trac","description":"Das Rev-Trac-Team wird bei ASUG TechConnect dabei sein \u2013 f\u00fcr die aufschlussreichen Sessions, Demos und vor allem f\u00fcr Gespr\u00e4che mit der SAP-Community \u00fcber","robots":{"index":"index","follow":"follow","max-snippet":"max-snippet:-1","max-image-preview":"max-image-preview:large","max-video-preview":"max-video-preview:-1"},"canonical":"https:\/\/rev-trac.com\/de\/veranstaltungen\/asug-techconnect\/","og_locale":"de_DE","og_type":"article","og_title":"ASUG TechConnect","og_description":"Das Rev-Trac-Team wird bei ASUG TechConnect dabei sein \u2013 f\u00fcr die aufschlussreichen Sessions, Demos und vor allem f\u00fcr Gespr\u00e4che mit der SAP-Community \u00fcber","og_url":"https:\/\/rev-trac.com\/de\/veranstaltungen\/asug-techconnect\/","og_site_name":"Rev-Trac","article_published_time":"2026-08-14T03:08:25+00:00","article_modified_time":"2026-08-28T00:29:58+00:00","og_image":[{"width":1080,"height":607,"url":"https:\/\/rev-trac.com\/wp-content\/uploads\/august-2023-se-entrance-rendering.jpg","type":"image\/jpeg"}],"author":"Rev-Trac","twitter_card":"summary_large_image","twitter_misc":{"Verfasst von":"Rev-Trac","Gesch\u00e4tzte Lesezeit":"1\u00a0Minute"},"schema":{"@context":"https:\/\/schema.org","@graph":[{"@type":"Article","@id":"https:\/\/rev-trac.com\/de\/veranstaltungen\/asug-techconnect\/#article","isPartOf":{"@id":"https:\/\/rev-trac.com\/de\/veranstaltungen\/asug-techconnect\/"},"author":{"name":"Rev-Trac","@id":"https:\/\/rev-trac.com\/de\/#\/schema\/person\/4fc40688959a74376c8ecbf6be4b79e9"},"headline":"ASUG TechConnect","datePublished":"2026-08-14T03:08:25+00:00","dateModified":"2026-08-28T00:29:58+00:00","mainEntityOfPage":{"@id":"https:\/\/rev-trac.com\/de\/veranstaltungen\/asug-techconnect\/"},"wordCount":105,"publisher":{"@id":"https:\/\/rev-trac.com\/de\/#organization"},"image":{"@id":"https:\/\/rev-trac.com\/de\/veranstaltungen\/asug-techconnect\/#primaryimage"},"thumbnailUrl":"https:\/\/rev-trac.com\/wp-content\/uploads\/august-2023-se-entrance-rendering.jpg","keywords":["Event","Konferenz","Nordamerika"],"articleSection":["Veranstaltungen"],"inLanguage":"de"},{"@type":"WebPage","@id":"https:\/\/rev-trac.com\/de\/veranstaltungen\/asug-techconnect\/","url":"https:\/\/rev-trac.com\/de\/veranstaltungen\/asug-techconnect\/","name":"ASUG TechConnect - Rev-Trac","isPartOf":{"@id":"https:\/\/rev-trac.com\/de\/#website"},"primaryImageOfPage":{"@id":"https:\/\/rev-trac.com\/de\/veranstaltungen\/asug-techconnect\/#primaryimage"},"image":{"@id":"https:\/\/rev-trac.com\/de\/veranstaltungen\/asug-techconnect\/#primaryimage"},"thumbnailUrl":"https:\/\/rev-trac.com\/wp-content\/uploads\/august-2023-se-entrance-rendering.jpg","datePublished":"2026-08-14T03:08:25+00:00","dateModified":"2026-08-28T00:29:58+00:00","description":"Das Rev-Trac-Team wird bei ASUG TechConnect dabei sein \u2013 f\u00fcr die aufschlussreichen Sessions, Demos und vor allem f\u00fcr Gespr\u00e4che mit der SAP-Community \u00fcber","breadcrumb":{"@id":"https:\/\/rev-trac.com\/de\/veranstaltungen\/asug-techconnect\/#breadcrumb"},"inLanguage":"de","potentialAction":[{"@type":"ReadAction","target":["https:\/\/rev-trac.com\/de\/veranstaltungen\/asug-techconnect\/"]}]},{"@type":"ImageObject","inLanguage":"de","@id":"https:\/\/rev-trac.com\/de\/veranstaltungen\/asug-techconnect\/#primaryimage","url":"https:\/\/rev-trac.com\/wp-content\/uploads\/august-2023-se-entrance-rendering.jpg","contentUrl":"https:\/\/rev-trac.com\/wp-content\/uploads\/august-2023-se-entrance-rendering.jpg","width":1080,"height":607},{"@type":"BreadcrumbList","@id":"https:\/\/rev-trac.com\/de\/veranstaltungen\/asug-techconnect\/#breadcrumb","itemListElement":[{"@type":"ListItem","position":1,"name":"Home","item":"https:\/\/rev-trac.com\/de\/startseite\/"},{"@type":"ListItem","position":2,"name":"ASUG TechConnect"}]},{"@type":"WebSite","@id":"https:\/\/rev-trac.com\/de\/#website","url":"https:\/\/rev-trac.com\/de\/","name":"Rev-Trac","description":"Unifying SAP Change Management","publisher":{"@id":"https:\/\/rev-trac.com\/de\/#organization"},"potentialAction":[{"@type":"SearchAction","target":{"@type":"EntryPoint","urlTemplate":"https:\/\/rev-trac.com\/de\/?s={search_term_string}"},"query-input":{"@type":"PropertyValueSpecification","valueRequired":true,"valueName":"search_term_string"}}],"inLanguage":"de"},{"@type":"Organization","@id":"https:\/\/rev-trac.com\/de\/#organization","name":"Rev-Trac","url":"https:\/\/rev-trac.com\/de\/","logo":{"@type":"ImageObject","inLanguage":"de","@id":"https:\/\/rev-trac.com\/de\/#\/schema\/logo\/image\/","url":"https:\/\/rev-trac.com\/wp-content\/uploads\/Brandmark_Colour.png","contentUrl":"https:\/\/rev-trac.com\/wp-content\/uploads\/Brandmark_Colour.png","width":1000,"height":1000,"caption":"Rev-Trac"},"image":{"@id":"https:\/\/rev-trac.com\/de\/#\/schema\/logo\/image\/"},"description":"Rev-Trac automates SAP change delivery, governs every environment, and gives enterprises the confidence to transform without losing control. Continuous Innovation. Continuous Transformation. Complete Governance.","email":"hello@rev-trac.com","foundingDate":"1997-01-01","numberOfEmployees":{"@type":"QuantitativeValue","minValue":"51","maxValue":"200"}},{"@type":"Person","@id":"https:\/\/rev-trac.com\/de\/#\/schema\/person\/4fc40688959a74376c8ecbf6be4b79e9","name":"Rev-Trac","image":{"@type":"ImageObject","inLanguage":"de","@id":"https:\/\/secure.gravatar.com\/avatar\/1bc25a329a0c22ed4b67d05271482455c772111c12991dba8a32ee8821ba5111?s=96&d=mm&r=g","url":"https:\/\/secure.gravatar.com\/avatar\/1bc25a329a0c22ed4b67d05271482455c772111c12991dba8a32ee8821ba5111?s=96&d=mm&r=g","contentUrl":"https:\/\/secure.gravatar.com\/avatar\/1bc25a329a0c22ed4b67d05271482455c772111c12991dba8a32ee8821ba5111?s=96&d=mm&r=g","caption":"Rev-Trac"}}]}},"_links":{"self":[{"href":"https:\/\/rev-trac.com\/de\/wp-json\/wp\/v2\/posts\/109505","targetHints":{"allow":["GET"]}}],"collection":[{"href":"https:\/\/rev-trac.com\/de\/wp-json\/wp\/v2\/posts"}],"about":[{"href":"https:\/\/rev-trac.com\/de\/wp-json\/wp\/v2\/types\/post"}],"author":[{"embeddable":true,"href":"https:\/\/rev-trac.com\/de\/wp-json\/wp\/v2\/users\/1"}],"replies":[{"embeddable":true,"href":"https:\/\/rev-trac.com\/de\/wp-json\/wp\/v2\/comments?post=109505"}],"version-history":[{"count":2,"href":"https:\/\/rev-trac.com\/de\/wp-json\/wp\/v2\/posts\/109505\/revisions"}],"predecessor-version":[{"id":109687,"href":"https:\/\/rev-trac.com\/de\/wp-json\/wp\/v2\/posts\/109505\/revisions\/109687"}],"wp:featuredmedia":[{"embeddable":true,"href":"https:\/\/rev-trac.com\/de\/wp-json\/wp\/v2\/media\/109668"}],"wp:attachment":[{"href":"https:\/\/rev-trac.com\/de\/wp-json\/wp\/v2\/media?parent=109505"}],"wp:term":[{"taxonomy":"category","embeddable":true,"href":"https:\/\/rev-trac.com\/de\/wp-json\/wp\/v2\/categories?post=109505"},{"taxonomy":"post_tag","embeddable":true,"href":"https:\/\/rev-trac.com\/de\/wp-json\/wp\/v2\/tags?post=109505"}],"curies":[{"name":"wp","href":"https:\/\/api.w.org\/{rel}","templated":true}]}}