{"id":109503,"date":"2026-08-14T13:13:01","date_gmt":"2026-08-14T03:13:01","guid":{"rendered":"https:\/\/rev-trac.com\/unkategorisiert\/dsag-jahreskongress\/"},"modified":"2026-09-01T19:35:06","modified_gmt":"2026-09-01T09:35:06","slug":"dsag-jahreskongress","status":"publish","type":"post","link":"https:\/\/rev-trac.com\/de\/veranstaltungen\/dsag-jahreskongress\/","title":{"rendered":"DSAG-Jahreskongress"},"content":{"rendered":"\n<p class=\"wp-block-paragraph\">Das Rev-Trac-Team wird auf dem <strong>DSAG-Jahreskongress<\/strong> f\u00fcr die aufschlussreichen Sessions, Demos und vor allem f\u00fcr Gespr\u00e4che mit der SAP-Community \u00fcber die Vorteile der Automatisierung und Absicherung von SAP-Changes pr\u00e4sent sein.<\/p>\n\n<p class=\"wp-block-paragraph\">Kontaktieren Sie unsere Teilnehmer, wenn Sie weitere Informationen dar\u00fcber w\u00fcnschen, wie Rev-Trac Sie und Ihr Unternehmen bei der Verwaltung von SAP-Changes unterst\u00fctzen kann, einschlie\u00dflich:<\/p>\n\n<p class=\"wp-block-paragraph\"><a href=\"https:\/\/rev-trac.com\/de\/loesungen\/sap-devops\/\">Kontinuierliche Innovation und Transformation<\/a>.<\/p>\n\n<p class=\"wp-block-paragraph\">Ihre Strategie f\u00fcr das ChaRM-Lebensende (EOL). <a href=\"https:\/\/rev-trac.com\/de\/jenseits-von-charm\/\">Erfahren Sie, wie Rev-Trac die Zukunft von SAP-Changes unterst\u00fctzt<\/a>.<\/p>\n\n<p class=\"wp-block-paragraph\">Wie <a href=\"https:\/\/rev-trac.com\/de\/loesungen\/sap-cloud-alm\/\">Rev-Trac SAP Cloud ALM erg\u00e4nzt<\/a>, insbesondere f\u00fcr Organisationen in stark regulierten und komplexen Umgebungen.<\/p>\n\n<p class=\"wp-block-paragraph\"><\/p>\n","protected":false},"excerpt":{"rendered":"<p>Das Rev-Trac-Team wird auf dem DSAG-Jahreskongress f\u00fcr die aufschlussreichen Sessions, Demos und vor allem f\u00fcr Gespr\u00e4che mit der SAP-Community \u00fcber die Vorteile der Automatisierung und Absicherung von SAP-Changes pr\u00e4sent sein. Kontaktieren Sie unsere Teilnehmer, wenn Sie weitere Informationen dar\u00fcber w\u00fcnschen, wie Rev-Trac Sie und Ihr Unternehmen bei der Verwaltung von SAP-Changes unterst\u00fctzen kann, einschlie\u00dflich: Kontinuierliche [&hellip;]<\/p>\n","protected":false},"author":1,"featured_media":109672,"comment_status":"closed","ping_status":"closed","sticky":false,"template":"","format":"standard","meta":{"demo_duration":"","demo_product":"","demo_audience":"","demo_integrations":"","demo_url":"","demo_lede":"","webinar_type":"live","webinar_status":"","webinar_date_display":"","webinar_date_start":"","webinar_time":"","webinar_duration":"","webinar_platform":"","webinar_presenter":"","webinar_video":"","agenda1_title":"","agenda1_desc":"","agenda2_title":"","agenda2_desc":"","agenda3_title":"","agenda3_desc":"","agenda4_title":"","agenda4_desc":"","agenda5_title":"","agenda5_desc":"","speaker1_name":"","speaker1_role":"","speaker1_photo":"","speaker2_name":"","speaker2_role":"","speaker2_photo":"","speaker3_name":"","speaker3_role":"","speaker3_photo":"","speaker4_name":"","speaker4_role":"","speaker4_photo":"","webinar_register":"","event_status":"Wir sind dabei","event_date_display":"6.\u20138. Oktober","event_date_start":"2026-10-06","event_location":"K\u00f6ln, Koelnmesse, Messeplatz 1, 50679 K\u00f6ln","event_booth":"Halle 2.1, Stand 011","event_format":"Pr\u00e4senzveranstaltung","event_url":"https:\/\/dsag.de\/events\/dsag-jahreskongress-2026\/","session1_title":"","session1_speaker":"","session1_when":"","session1_room":"","session2_title":"","session2_speaker":"","session2_when":"","session2_room":"","session3_title":"","session3_speaker":"","session3_when":"","session3_room":"","session4_title":"","session4_speaker":"","session4_when":"","session4_room":"","team1_name":"Alexander Kaestner","team1_role":"Senior Sales Manager","team1_photo":"https:\/\/rev-trac.com\/wp-content\/uploads\/image-1.jpeg","team1_email":"alexander.kaestner@rev-trac.com","team1_linkedin":"","team2_name":"Fritz Mosonyi","team2_role":"EMEA Director of Customer Success","team2_photo":"https:\/\/rev-trac.com\/wp-content\/uploads\/Fritz-Rev-Trac-Staff-Photos-e1786678009839.jpg","team2_email":"fritz.mosonyi@rev-trac.com","team2_linkedin":"","team3_name":"Elfat Hasani","team3_role":"Sales & Marketing Executive","team3_photo":"https:\/\/rev-trac.com\/wp-content\/uploads\/Elfat-Rev-Trac-Staff-Photos-e1786677986159.jpg","team3_email":"elfat.hasani@rev-trac.com","team3_linkedin":"","team4_name":"","team4_role":"","team4_photo":"","team4_email":"","team4_linkedin":"","team5_name":"","team5_role":"","team5_photo":"","team5_email":"","team5_linkedin":"","team6_name":"","team6_role":"","team6_photo":"","team6_email":"","team6_linkedin":"","event_booking":"","event_lede":"Treffen Sie das Rev-Trac-Team auf dem DSAG-Jahreskongress, um zu er\u00f6rtern, wie Unternehmen angesichts der zunehmenden Geschwindigkeit der SAP-Transformation die Kontrolle behalten k\u00f6nnen. Besuchen Sie unseren Stand, um Erfahrungen auszutauschen, praktische Ans\u00e4tze f\u00fcr das SAP-Ver\u00e4nderungsmanagement kennenzulernen und Wege zu entdecken, wie Sie Komplexit\u00e4t souver\u00e4ner bew\u00e4ltigen k\u00f6nnen.","cs_stat1_label":"","cs_stat1_value":"","cs_stat1_unit":"","cs_stat1_desc":"","cs_stat2_label":"","cs_stat2_value":"","cs_stat2_unit":"","cs_stat2_desc":"","cs_stat3_label":"","cs_stat3_value":"","cs_stat3_unit":"","cs_stat3_desc":"","cs_stat4_label":"","cs_stat4_value":"","cs_stat4_unit":"","cs_stat4_desc":"","cs_download_url":"","page_builder":"","footnotes":""},"categories":[216],"tags":[544,541,542],"class_list":["post-109503","post","type-post","status-publish","format-standard","has-post-thumbnail","hentry","category-veranstaltungen","tag-deutschland","tag-event","tag-konferenz"],"yoast_head":"<!-- This site is optimized with the Yoast SEO Premium plugin v28.3 (Yoast SEO v28.4) - https:\/\/yoast.com\/product\/yoast-seo-premium-wordpress\/ -->\n<title>DSAG-Jahreskongress - Rev-Trac<\/title>\n<meta name=\"description\" content=\"Das Rev-Trac-Team wird auf dem DSAG-Jahreskongress f\u00fcr die aufschlussreichen Sessions, Demos und vor allem f\u00fcr Gespr\u00e4che mit der SAP-Community \u00fcber die\" \/>\n<meta name=\"robots\" content=\"index, follow, max-snippet:-1, max-image-preview:large, max-video-preview:-1\" \/>\n<link rel=\"canonical\" href=\"https:\/\/rev-trac.com\/de\/veranstaltungen\/dsag-jahreskongress\/\" \/>\n<meta property=\"og:locale\" content=\"de_DE\" \/>\n<meta property=\"og:type\" content=\"article\" \/>\n<meta property=\"og:title\" content=\"DSAG-Jahreskongress\" \/>\n<meta property=\"og:description\" content=\"Das Rev-Trac-Team wird auf dem DSAG-Jahreskongress f\u00fcr die aufschlussreichen Sessions, Demos und vor allem f\u00fcr Gespr\u00e4che mit der SAP-Community \u00fcber die\" \/>\n<meta property=\"og:url\" content=\"https:\/\/rev-trac.com\/de\/veranstaltungen\/dsag-jahreskongress\/\" \/>\n<meta property=\"og:site_name\" content=\"Rev-Trac\" \/>\n<meta property=\"article:published_time\" content=\"2026-08-14T03:13:01+00:00\" \/>\n<meta property=\"article:modified_time\" content=\"2026-09-01T09:35:06+00:00\" \/>\n<meta property=\"og:image\" content=\"https:\/\/rev-trac.com\/wp-content\/uploads\/images.jpg\" \/>\n\t<meta property=\"og:image:width\" content=\"678\" \/>\n\t<meta property=\"og:image:height\" content=\"452\" \/>\n\t<meta property=\"og:image:type\" content=\"image\/jpeg\" \/>\n<meta name=\"author\" content=\"Rev-Trac\" \/>\n<meta name=\"twitter:card\" content=\"summary_large_image\" \/>\n<meta name=\"twitter:label1\" content=\"Verfasst von\" \/>\n\t<meta name=\"twitter:data1\" content=\"Rev-Trac\" \/>\n\t<meta name=\"twitter:label2\" content=\"Gesch\u00e4tzte Lesezeit\" \/>\n\t<meta name=\"twitter:data2\" content=\"1\u00a0Minute\" \/>\n<script type=\"application\/ld+json\" class=\"yoast-schema-graph\">{\"@context\":\"https:\\\/\\\/schema.org\",\"@graph\":[{\"@type\":\"Article\",\"@id\":\"https:\\\/\\\/rev-trac.com\\\/de\\\/veranstaltungen\\\/dsag-jahreskongress\\\/#article\",\"isPartOf\":{\"@id\":\"https:\\\/\\\/rev-trac.com\\\/de\\\/veranstaltungen\\\/dsag-jahreskongress\\\/\"},\"author\":{\"name\":\"Rev-Trac\",\"@id\":\"https:\\\/\\\/rev-trac.com\\\/de\\\/#\\\/schema\\\/person\\\/4fc40688959a74376c8ecbf6be4b79e9\"},\"headline\":\"DSAG-Jahreskongress\",\"datePublished\":\"2026-08-14T03:13:01+00:00\",\"dateModified\":\"2026-09-01T09:35:06+00:00\",\"mainEntityOfPage\":{\"@id\":\"https:\\\/\\\/rev-trac.com\\\/de\\\/veranstaltungen\\\/dsag-jahreskongress\\\/\"},\"wordCount\":101,\"publisher\":{\"@id\":\"https:\\\/\\\/rev-trac.com\\\/de\\\/#organization\"},\"image\":{\"@id\":\"https:\\\/\\\/rev-trac.com\\\/de\\\/veranstaltungen\\\/dsag-jahreskongress\\\/#primaryimage\"},\"thumbnailUrl\":\"https:\\\/\\\/rev-trac.com\\\/wp-content\\\/uploads\\\/images.jpg\",\"keywords\":[\"Deutschland\",\"Event\",\"Konferenz\"],\"articleSection\":[\"Veranstaltungen\"],\"inLanguage\":\"de\"},{\"@type\":\"WebPage\",\"@id\":\"https:\\\/\\\/rev-trac.com\\\/de\\\/veranstaltungen\\\/dsag-jahreskongress\\\/\",\"url\":\"https:\\\/\\\/rev-trac.com\\\/de\\\/veranstaltungen\\\/dsag-jahreskongress\\\/\",\"name\":\"DSAG-Jahreskongress - Rev-Trac\",\"isPartOf\":{\"@id\":\"https:\\\/\\\/rev-trac.com\\\/de\\\/#website\"},\"primaryImageOfPage\":{\"@id\":\"https:\\\/\\\/rev-trac.com\\\/de\\\/veranstaltungen\\\/dsag-jahreskongress\\\/#primaryimage\"},\"image\":{\"@id\":\"https:\\\/\\\/rev-trac.com\\\/de\\\/veranstaltungen\\\/dsag-jahreskongress\\\/#primaryimage\"},\"thumbnailUrl\":\"https:\\\/\\\/rev-trac.com\\\/wp-content\\\/uploads\\\/images.jpg\",\"datePublished\":\"2026-08-14T03:13:01+00:00\",\"dateModified\":\"2026-09-01T09:35:06+00:00\",\"description\":\"Das Rev-Trac-Team wird auf dem DSAG-Jahreskongress f\u00fcr die aufschlussreichen Sessions, Demos und vor allem f\u00fcr Gespr\u00e4che mit der SAP-Community \u00fcber die\",\"breadcrumb\":{\"@id\":\"https:\\\/\\\/rev-trac.com\\\/de\\\/veranstaltungen\\\/dsag-jahreskongress\\\/#breadcrumb\"},\"inLanguage\":\"de\",\"potentialAction\":[{\"@type\":\"ReadAction\",\"target\":[\"https:\\\/\\\/rev-trac.com\\\/de\\\/veranstaltungen\\\/dsag-jahreskongress\\\/\"]}]},{\"@type\":\"ImageObject\",\"inLanguage\":\"de\",\"@id\":\"https:\\\/\\\/rev-trac.com\\\/de\\\/veranstaltungen\\\/dsag-jahreskongress\\\/#primaryimage\",\"url\":\"https:\\\/\\\/rev-trac.com\\\/wp-content\\\/uploads\\\/images.jpg\",\"contentUrl\":\"https:\\\/\\\/rev-trac.com\\\/wp-content\\\/uploads\\\/images.jpg\",\"width\":678,\"height\":452},{\"@type\":\"BreadcrumbList\",\"@id\":\"https:\\\/\\\/rev-trac.com\\\/de\\\/veranstaltungen\\\/dsag-jahreskongress\\\/#breadcrumb\",\"itemListElement\":[{\"@type\":\"ListItem\",\"position\":1,\"name\":\"Home\",\"item\":\"https:\\\/\\\/rev-trac.com\\\/de\\\/startseite\\\/\"},{\"@type\":\"ListItem\",\"position\":2,\"name\":\"DSAG-Jahreskongress\"}]},{\"@type\":\"WebSite\",\"@id\":\"https:\\\/\\\/rev-trac.com\\\/de\\\/#website\",\"url\":\"https:\\\/\\\/rev-trac.com\\\/de\\\/\",\"name\":\"Rev-Trac\",\"description\":\"Unifying SAP Change Management\",\"publisher\":{\"@id\":\"https:\\\/\\\/rev-trac.com\\\/de\\\/#organization\"},\"potentialAction\":[{\"@type\":\"SearchAction\",\"target\":{\"@type\":\"EntryPoint\",\"urlTemplate\":\"https:\\\/\\\/rev-trac.com\\\/de\\\/?s={search_term_string}\"},\"query-input\":{\"@type\":\"PropertyValueSpecification\",\"valueRequired\":true,\"valueName\":\"search_term_string\"}}],\"inLanguage\":\"de\"},{\"@type\":\"Organization\",\"@id\":\"https:\\\/\\\/rev-trac.com\\\/de\\\/#organization\",\"name\":\"Rev-Trac\",\"url\":\"https:\\\/\\\/rev-trac.com\\\/de\\\/\",\"logo\":{\"@type\":\"ImageObject\",\"inLanguage\":\"de\",\"@id\":\"https:\\\/\\\/rev-trac.com\\\/de\\\/#\\\/schema\\\/logo\\\/image\\\/\",\"url\":\"https:\\\/\\\/rev-trac.com\\\/wp-content\\\/uploads\\\/Brandmark_Colour.png\",\"contentUrl\":\"https:\\\/\\\/rev-trac.com\\\/wp-content\\\/uploads\\\/Brandmark_Colour.png\",\"width\":1000,\"height\":1000,\"caption\":\"Rev-Trac\"},\"image\":{\"@id\":\"https:\\\/\\\/rev-trac.com\\\/de\\\/#\\\/schema\\\/logo\\\/image\\\/\"},\"description\":\"Rev-Trac automates SAP change delivery, governs every environment, and gives enterprises the confidence to transform without losing control. Continuous Innovation. Continuous Transformation. Complete Governance.\",\"email\":\"hello@rev-trac.com\",\"foundingDate\":\"1997-01-01\",\"numberOfEmployees\":{\"@type\":\"QuantitativeValue\",\"minValue\":\"51\",\"maxValue\":\"200\"}},{\"@type\":\"Person\",\"@id\":\"https:\\\/\\\/rev-trac.com\\\/de\\\/#\\\/schema\\\/person\\\/4fc40688959a74376c8ecbf6be4b79e9\",\"name\":\"Rev-Trac\",\"image\":{\"@type\":\"ImageObject\",\"inLanguage\":\"de\",\"@id\":\"https:\\\/\\\/secure.gravatar.com\\\/avatar\\\/1bc25a329a0c22ed4b67d05271482455c772111c12991dba8a32ee8821ba5111?s=96&d=mm&r=g\",\"url\":\"https:\\\/\\\/secure.gravatar.com\\\/avatar\\\/1bc25a329a0c22ed4b67d05271482455c772111c12991dba8a32ee8821ba5111?s=96&d=mm&r=g\",\"contentUrl\":\"https:\\\/\\\/secure.gravatar.com\\\/avatar\\\/1bc25a329a0c22ed4b67d05271482455c772111c12991dba8a32ee8821ba5111?s=96&d=mm&r=g\",\"caption\":\"Rev-Trac\"}}]}<\/script>\n<!-- \/ Yoast SEO Premium plugin. -->","yoast_head_json":{"title":"DSAG-Jahreskongress - Rev-Trac","description":"Das Rev-Trac-Team wird auf dem DSAG-Jahreskongress f\u00fcr die aufschlussreichen Sessions, Demos und vor allem f\u00fcr Gespr\u00e4che mit der SAP-Community \u00fcber die","robots":{"index":"index","follow":"follow","max-snippet":"max-snippet:-1","max-image-preview":"max-image-preview:large","max-video-preview":"max-video-preview:-1"},"canonical":"https:\/\/rev-trac.com\/de\/veranstaltungen\/dsag-jahreskongress\/","og_locale":"de_DE","og_type":"article","og_title":"DSAG-Jahreskongress","og_description":"Das Rev-Trac-Team wird auf dem DSAG-Jahreskongress f\u00fcr die aufschlussreichen Sessions, Demos und vor allem f\u00fcr Gespr\u00e4che mit der SAP-Community \u00fcber die","og_url":"https:\/\/rev-trac.com\/de\/veranstaltungen\/dsag-jahreskongress\/","og_site_name":"Rev-Trac","article_published_time":"2026-08-14T03:13:01+00:00","article_modified_time":"2026-09-01T09:35:06+00:00","og_image":[{"width":678,"height":452,"url":"https:\/\/rev-trac.com\/wp-content\/uploads\/images.jpg","type":"image\/jpeg"}],"author":"Rev-Trac","twitter_card":"summary_large_image","twitter_misc":{"Verfasst von":"Rev-Trac","Gesch\u00e4tzte Lesezeit":"1\u00a0Minute"},"schema":{"@context":"https:\/\/schema.org","@graph":[{"@type":"Article","@id":"https:\/\/rev-trac.com\/de\/veranstaltungen\/dsag-jahreskongress\/#article","isPartOf":{"@id":"https:\/\/rev-trac.com\/de\/veranstaltungen\/dsag-jahreskongress\/"},"author":{"name":"Rev-Trac","@id":"https:\/\/rev-trac.com\/de\/#\/schema\/person\/4fc40688959a74376c8ecbf6be4b79e9"},"headline":"DSAG-Jahreskongress","datePublished":"2026-08-14T03:13:01+00:00","dateModified":"2026-09-01T09:35:06+00:00","mainEntityOfPage":{"@id":"https:\/\/rev-trac.com\/de\/veranstaltungen\/dsag-jahreskongress\/"},"wordCount":101,"publisher":{"@id":"https:\/\/rev-trac.com\/de\/#organization"},"image":{"@id":"https:\/\/rev-trac.com\/de\/veranstaltungen\/dsag-jahreskongress\/#primaryimage"},"thumbnailUrl":"https:\/\/rev-trac.com\/wp-content\/uploads\/images.jpg","keywords":["Deutschland","Event","Konferenz"],"articleSection":["Veranstaltungen"],"inLanguage":"de"},{"@type":"WebPage","@id":"https:\/\/rev-trac.com\/de\/veranstaltungen\/dsag-jahreskongress\/","url":"https:\/\/rev-trac.com\/de\/veranstaltungen\/dsag-jahreskongress\/","name":"DSAG-Jahreskongress - Rev-Trac","isPartOf":{"@id":"https:\/\/rev-trac.com\/de\/#website"},"primaryImageOfPage":{"@id":"https:\/\/rev-trac.com\/de\/veranstaltungen\/dsag-jahreskongress\/#primaryimage"},"image":{"@id":"https:\/\/rev-trac.com\/de\/veranstaltungen\/dsag-jahreskongress\/#primaryimage"},"thumbnailUrl":"https:\/\/rev-trac.com\/wp-content\/uploads\/images.jpg","datePublished":"2026-08-14T03:13:01+00:00","dateModified":"2026-09-01T09:35:06+00:00","description":"Das Rev-Trac-Team wird auf dem DSAG-Jahreskongress f\u00fcr die aufschlussreichen Sessions, Demos und vor allem f\u00fcr Gespr\u00e4che mit der SAP-Community \u00fcber die","breadcrumb":{"@id":"https:\/\/rev-trac.com\/de\/veranstaltungen\/dsag-jahreskongress\/#breadcrumb"},"inLanguage":"de","potentialAction":[{"@type":"ReadAction","target":["https:\/\/rev-trac.com\/de\/veranstaltungen\/dsag-jahreskongress\/"]}]},{"@type":"ImageObject","inLanguage":"de","@id":"https:\/\/rev-trac.com\/de\/veranstaltungen\/dsag-jahreskongress\/#primaryimage","url":"https:\/\/rev-trac.com\/wp-content\/uploads\/images.jpg","contentUrl":"https:\/\/rev-trac.com\/wp-content\/uploads\/images.jpg","width":678,"height":452},{"@type":"BreadcrumbList","@id":"https:\/\/rev-trac.com\/de\/veranstaltungen\/dsag-jahreskongress\/#breadcrumb","itemListElement":[{"@type":"ListItem","position":1,"name":"Home","item":"https:\/\/rev-trac.com\/de\/startseite\/"},{"@type":"ListItem","position":2,"name":"DSAG-Jahreskongress"}]},{"@type":"WebSite","@id":"https:\/\/rev-trac.com\/de\/#website","url":"https:\/\/rev-trac.com\/de\/","name":"Rev-Trac","description":"Unifying SAP Change Management","publisher":{"@id":"https:\/\/rev-trac.com\/de\/#organization"},"potentialAction":[{"@type":"SearchAction","target":{"@type":"EntryPoint","urlTemplate":"https:\/\/rev-trac.com\/de\/?s={search_term_string}"},"query-input":{"@type":"PropertyValueSpecification","valueRequired":true,"valueName":"search_term_string"}}],"inLanguage":"de"},{"@type":"Organization","@id":"https:\/\/rev-trac.com\/de\/#organization","name":"Rev-Trac","url":"https:\/\/rev-trac.com\/de\/","logo":{"@type":"ImageObject","inLanguage":"de","@id":"https:\/\/rev-trac.com\/de\/#\/schema\/logo\/image\/","url":"https:\/\/rev-trac.com\/wp-content\/uploads\/Brandmark_Colour.png","contentUrl":"https:\/\/rev-trac.com\/wp-content\/uploads\/Brandmark_Colour.png","width":1000,"height":1000,"caption":"Rev-Trac"},"image":{"@id":"https:\/\/rev-trac.com\/de\/#\/schema\/logo\/image\/"},"description":"Rev-Trac automates SAP change delivery, governs every environment, and gives enterprises the confidence to transform without losing control. Continuous Innovation. Continuous Transformation. Complete Governance.","email":"hello@rev-trac.com","foundingDate":"1997-01-01","numberOfEmployees":{"@type":"QuantitativeValue","minValue":"51","maxValue":"200"}},{"@type":"Person","@id":"https:\/\/rev-trac.com\/de\/#\/schema\/person\/4fc40688959a74376c8ecbf6be4b79e9","name":"Rev-Trac","image":{"@type":"ImageObject","inLanguage":"de","@id":"https:\/\/secure.gravatar.com\/avatar\/1bc25a329a0c22ed4b67d05271482455c772111c12991dba8a32ee8821ba5111?s=96&d=mm&r=g","url":"https:\/\/secure.gravatar.com\/avatar\/1bc25a329a0c22ed4b67d05271482455c772111c12991dba8a32ee8821ba5111?s=96&d=mm&r=g","contentUrl":"https:\/\/secure.gravatar.com\/avatar\/1bc25a329a0c22ed4b67d05271482455c772111c12991dba8a32ee8821ba5111?s=96&d=mm&r=g","caption":"Rev-Trac"}}]}},"_links":{"self":[{"href":"https:\/\/rev-trac.com\/de\/wp-json\/wp\/v2\/posts\/109503","targetHints":{"allow":["GET"]}}],"collection":[{"href":"https:\/\/rev-trac.com\/de\/wp-json\/wp\/v2\/posts"}],"about":[{"href":"https:\/\/rev-trac.com\/de\/wp-json\/wp\/v2\/types\/post"}],"author":[{"embeddable":true,"href":"https:\/\/rev-trac.com\/de\/wp-json\/wp\/v2\/users\/1"}],"replies":[{"embeddable":true,"href":"https:\/\/rev-trac.com\/de\/wp-json\/wp\/v2\/comments?post=109503"}],"version-history":[{"count":5,"href":"https:\/\/rev-trac.com\/de\/wp-json\/wp\/v2\/posts\/109503\/revisions"}],"predecessor-version":[{"id":109707,"href":"https:\/\/rev-trac.com\/de\/wp-json\/wp\/v2\/posts\/109503\/revisions\/109707"}],"wp:featuredmedia":[{"embeddable":true,"href":"https:\/\/rev-trac.com\/de\/wp-json\/wp\/v2\/media\/109672"}],"wp:attachment":[{"href":"https:\/\/rev-trac.com\/de\/wp-json\/wp\/v2\/media?parent=109503"}],"wp:term":[{"taxonomy":"category","embeddable":true,"href":"https:\/\/rev-trac.com\/de\/wp-json\/wp\/v2\/categories?post=109503"},{"taxonomy":"post_tag","embeddable":true,"href":"https:\/\/rev-trac.com\/de\/wp-json\/wp\/v2\/tags?post=109503"}],"curies":[{"name":"wp","href":"https:\/\/api.w.org\/{rel}","templated":true}]}}